{"id":385,"date":"2026-04-14T08:45:03","date_gmt":"2026-04-14T14:45:03","guid":{"rendered":"https:\/\/dualels.org.sv\/?p=385"},"modified":"2026-04-14T08:47:11","modified_gmt":"2026-04-14T14:47:11","slug":"presentacion-de-modelo-generico-de-educacion-dual","status":"publish","type":"post","link":"https:\/\/dualels.org.sv\/?p=385","title":{"rendered":"Presentaci\u00f3n de Modelo Gen\u00e9rico de Educaci\u00f3n Dual"},"content":{"rendered":"<p>El pasado 8 de abril del presente a\u00f1o se sostuvo una reuni\u00f3n de forma virtual la cual se centr\u00f3 en la presentaci\u00f3n y discusi\u00f3n de una propuesta de modelo de Educaci\u00f3n Dual para El Salvador, desarrollada a partir de la investigaci\u00f3n realizada el a\u00f1o anterior y de las experiencias obtenidas en la visita de campo a Europa. Se presentaron los componentes del modelo, incluyendo gobernanza y estructura institucional; enfoque pedag\u00f3gico con arquitectura 50\/50; sistema de evaluaci\u00f3n tripartita; dupla pedag\u00f3gica entre tutor universitario e instructor de empresa; plan individual de formaci\u00f3n y sostenibilidad mediante incentivos; documentos de respaldo y mecanismos de control. En la reuni\u00f3n participaron la direcci\u00f3n del proyecto <strong>DUALELS<\/strong>, las <strong>IES<\/strong> y empresas socias del proyecto.<\/p>\n","protected":false},"excerpt":{"rendered":"<p>El pasado 8 de abril del presente a\u00f1o se sostuvo una reuni\u00f3n de forma virtual la cual se centr\u00f3 en la presentaci\u00f3n y discusi\u00f3n de una propuesta de modelo de Educaci\u00f3n Dual para El Salvador, d","protected":false},"author":2,"featured_media":384,"comment_status":"open","ping_status":"open","sticky":false,"template":"","format":"standard","meta":{"pagelayer_contact_templates":[],"_pagelayer_content":"","footnotes":""},"categories":[3],"tags":[],"class_list":["post-385","post","type-post","status-publish","format-standard","has-post-thumbnail","hentry","category-actividades"],"_links":{"self":[{"href":"https:\/\/dualels.org.sv\/index.php?rest_route=\/wp\/v2\/posts\/385","targetHints":{"allow":["GET"]}}],"collection":[{"href":"https:\/\/dualels.org.sv\/index.php?rest_route=\/wp\/v2\/posts"}],"about":[{"href":"https:\/\/dualels.org.sv\/index.php?rest_route=\/wp\/v2\/types\/post"}],"author":[{"embeddable":true,"href":"https:\/\/dualels.org.sv\/index.php?rest_route=\/wp\/v2\/users\/2"}],"replies":[{"embeddable":true,"href":"https:\/\/dualels.org.sv\/index.php?rest_route=%2Fwp%2Fv2%2Fcomments&post=385"}],"version-history":[{"count":3,"href":"https:\/\/dualels.org.sv\/index.php?rest_route=\/wp\/v2\/posts\/385\/revisions"}],"predecessor-version":[{"id":390,"href":"https:\/\/dualels.org.sv\/index.php?rest_route=\/wp\/v2\/posts\/385\/revisions\/390"}],"wp:featuredmedia":[{"embeddable":true,"href":"https:\/\/dualels.org.sv\/index.php?rest_route=\/wp\/v2\/media\/384"}],"wp:attachment":[{"href":"https:\/\/dualels.org.sv\/index.php?rest_route=%2Fwp%2Fv2%2Fmedia&parent=385"}],"wp:term":[{"taxonomy":"category","embeddable":true,"href":"https:\/\/dualels.org.sv\/index.php?rest_route=%2Fwp%2Fv2%2Fcategories&post=385"},{"taxonomy":"post_tag","embeddable":true,"href":"https:\/\/dualels.org.sv\/index.php?rest_route=%2Fwp%2Fv2%2Ftags&post=385"}],"curies":[{"name":"wp","href":"https:\/\/api.w.org\/{rel}","templated":true}]}}